{"id":1400,"date":"2021-10-08T13:15:44","date_gmt":"2021-10-08T17:15:44","guid":{"rendered":"https:\/\/fundacionluvo.org\/?p=1400"},"modified":"2021-10-08T13:15:44","modified_gmt":"2021-10-08T17:15:44","slug":"colectiva-mulheres-livres","status":"publish","type":"post","link":"https:\/\/fundacionluvo.org\/?p=1400","title":{"rendered":"Colectiva Mulheres Livres"},"content":{"rendered":"\n<p><strong>Uma experi\u00eancia brasileira e nordestina<\/strong><\/p>\n\n\n\n<p>Facebook <a href=\"https:\/\/www.facebook.com\/ColetivoMulheresAracaju\/\">@ColetivoMulheresAracaju<\/a> | Instragram <a href=\"https:\/\/www.instagram.com\/mulhereslivresaju\/?hl=fr-ca\">@mulhereslivresaju<\/a><\/p>\n\n\n\n<hr class=\"wp-block-separator\" \/>\n\n\n\n<p class=\"has-text-align-justify\">O ano era 2016, o pa\u00eds assistia, at\u00f4nito, ao movimento golpista que tiraria a primeira mulher a ocupar a presid\u00eancia do Brasil \u2013 Dilma Rousseff. Surgem v\u00e1rios grupos reunindo os antigos jovens que lutaram pela \u201cDiretas J\u00e1\u201d, h\u00e1 muito afastados da vida pol\u00edtica, talvez pela ilus\u00e3o da estabilidade pol\u00edtica e da garantia do Estado Social delineado pela Constitui\u00e7\u00e3o de 1988. Os gr\u00eamios e associa\u00e7\u00f5es agora se denominam coletivos\/as, o jornal d\u00e1 lugar \u00e0 intera\u00e7\u00e3o em tempo real via WhatsApp. Nesse contexto, em Sergipe, menor estado do nordeste brasileiro, um grupo de mulheres decide resistir, nasce ent\u00e3o a Coletiva Mulheres Livres.<\/p>\n\n\n\n<p class=\"has-text-align-justify\">A alian\u00e7a dessas mulheres surge da exclus\u00e3o experimentada em grupos de esquerda, de participa\u00e7\u00e3o mista. As rela\u00e7\u00f5es de poder em fun\u00e7\u00e3o do g\u00eanero refletiam nesses grupos a misoginia e viol\u00eancia de g\u00eanero que fazem do Brasil um dos pa\u00edses mais perigosos do mundo para mulheres, principalmente negras, trans e travestis. Experenciar o silenciamento e a exclus\u00e3o em grupos ditos progressistas foi o propulsor desse movimento. Ficou demonstrado como \u00e9 imprescind\u00edvel a reuni\u00e3o de mulheres em torno de pautas espec\u00edficas \u00e0 conquista e \u00e0 manuten\u00e7\u00e3o de seus direitos.<\/p>\n\n\n\n<div class=\"wp-block-image\"><figure class=\"alignleft size-large is-resized\"><img loading=\"lazy\" decoding=\"async\" src=\"https:\/\/fundacionluvo.org\/wp-content\/uploads\/2021\/10\/7a31cd24-1e43-4252-be1c-1ae71beebd61.jpg?w=1024\" alt=\"\" class=\"wp-image-1402\" width=\"522\" height=\"293\" srcset=\"https:\/\/fundacionluvo.org\/wp-content\/uploads\/2021\/10\/7a31cd24-1e43-4252-be1c-1ae71beebd61.jpg 1600w, https:\/\/fundacionluvo.org\/wp-content\/uploads\/2021\/10\/7a31cd24-1e43-4252-be1c-1ae71beebd61-300x169.jpg 300w, https:\/\/fundacionluvo.org\/wp-content\/uploads\/2021\/10\/7a31cd24-1e43-4252-be1c-1ae71beebd61-1024x576.jpg 1024w, https:\/\/fundacionluvo.org\/wp-content\/uploads\/2021\/10\/7a31cd24-1e43-4252-be1c-1ae71beebd61-768x432.jpg 768w, https:\/\/fundacionluvo.org\/wp-content\/uploads\/2021\/10\/7a31cd24-1e43-4252-be1c-1ae71beebd61-1536x864.jpg 1536w, https:\/\/fundacionluvo.org\/wp-content\/uploads\/2021\/10\/7a31cd24-1e43-4252-be1c-1ae71beebd61-800x450.jpg 800w, https:\/\/fundacionluvo.org\/wp-content\/uploads\/2021\/10\/7a31cd24-1e43-4252-be1c-1ae71beebd61-1000x563.jpg 1000w\" sizes=\"auto, (max-width: 522px) 100vw, 522px\" \/><figcaption><a href=\"https:\/\/www.instagram.com\/mulhereslivresaju\/?hl=fr-ca\">@mulhereslivresaju<\/a><\/figcaption><\/figure><\/div>\n\n\n\n<p class=\"has-text-align-justify\">A Coletiva Mulheres Livres passou a enfrentar \u00e0 necropol\u00edtica que se instalava no pa\u00eds, com a participa\u00e7\u00e3o em atos, discuss\u00f5es pol\u00edticas, encaminhamento de propostas legislativas atrav\u00e9s do conselho estadual de direitos da mulher. Simultaneamente promovia confer\u00eancias, grupo de estudos feministas, audi\u00eancias p\u00fablicas. Desse trabalho resultou a cria\u00e7\u00e3o de canais espec\u00edficos para den\u00fancias, cartilhas de enfrentamento \u00e0 viol\u00eancia de g\u00eanero e comiss\u00f5es especializadas para atendimento \u00e0s v\u00edtimas dentro de institui\u00e7\u00f5es p\u00fablicas de ensino superior. A atividade da Coletiva sempre foi orientada pela pr\u00e1tica interseccional, estando aua atua\u00e7\u00e3o ligada a v\u00e1rias frentes, do meio acad\u00eamico \u00e0 zona rural, com as atividades e interc\u00e2mbio de experi\u00eancias com mulheres quilombolas. Desse contato nasceu a primeira Coletiva de Mulheres Quilombolas de Sergipe, fruto da troca de informa\u00e7\u00f5es e apoio \u00e0s quest\u00f5es de m\u00fatuo interesse.<\/p>\n\n\n\n<p class=\"has-text-align-justify\">Uma das prioridades que as integrantes perceberam foi a necessidade de estudar g\u00eanero, n\u00e3o somente dentro do coletivo, disso nasceu a iniciativa de se criar um grupo de estudo sobre feminismos, que se iniciou com a leitura de Djamila Ribeiro \u2013 O que \u00e9 lugar de fala, passando por textos de \u00c2ngela Davis e O que \u00e9 Empoderamento, de Joyce Berth.<\/p>\n\n\n\n<p class=\"has-text-align-justify\">Com a cria\u00e7\u00e3o do instagram (<a href=\"https:\/\/www.instagram.com\/mulhereslivresaju\/?hl=fr-ca\">@mulhereslivresaju<\/a>), outro projeto, reconhecendo-se o poder das redes sociais como instrumento de democratiza\u00e7\u00e3o de informa\u00e7\u00e3o, utiliza-se para divulga\u00e7\u00e3o de a\u00e7\u00f5es, indica\u00e7\u00e3o de eventos, livros e filmes, com conte\u00fado cr\u00edtico, sobre g\u00eanero. Diante da pandemia, que imp\u00f5e o isolamento social, est\u00e3o sendo realizadas <em>lives<\/em>, com o convite e participa\u00e7\u00e3o de mulheres militantes em quest\u00f5es de g\u00eanero. Um dos momentos marcantes da trajet\u00f3ria da Coletiva foi a sua participa\u00e7\u00e3o, em dezembro de 2018, do XX Encontro Internacional da Rede Feminista Norte e Nordeste de Estudos e Pesquisa sobre Mulher e Rela\u00e7\u00f5es de G\u00eanero (REDOR) e 19\u00ba Simp\u00f3sio Baiano de Pesquisadoras(es) sobre Mulher e Rela\u00e7\u00f5es de G\u00eanero, realizado em Salvador-Bahia. O compartilhamento de viv\u00eancias com mulheres de outros pa\u00edses latino-americanos comprovou que ser mulher, seja onde for, traz desafios de re-exist\u00eancias. Atualmente, com o avan\u00e7o da extrema direita no mundo, das religi\u00f5es baseadas no antigo testamento, a uni\u00e3o de mulheres do mundo \u00e9 a \u00fanica for\u00e7a capaz de conter a opress\u00e3o e o retrocesso que se avizinha. Nunca foi mais oportuno convocar: Mulheres do mundo, uni-vos!<\/p>\n\n\n\n<hr class=\"wp-block-separator\" \/>\n\n\n\n<p class=\"has-text-align-justify\"><strong>Biografia: <\/strong>Coletiva Mulheres Livres, coletivo de mulheres brasileiras, nordestina, antirracistas, diversas, com a finalidade de promover discuss\u00e3o e implanta\u00e7\u00e3o de pol\u00edticas p\u00fablicas envolvendo mulheres e rela\u00e7\u00f5es de g\u00eanero, ra\u00e7a e classe.<\/p>\n","protected":false},"excerpt":{"rendered":"<p>Uma experi\u00eancia brasileira e nordestina Facebook @ColetivoMulheresAracaju | Instragram @mulhereslivresaju O ano era&#8230;<\/p>\n","protected":false},"author":2,"featured_media":1404,"comment_status":"open","ping_status":"open","sticky":false,"template":"","format":"standard","meta":{"footnotes":""},"categories":[10],"tags":[50,145,169],"class_list":["post-1400","post","type-post","status-publish","format-standard","has-post-thumbnail","hentry","category-feminismos","tag-brasil","tag-mulheres","tag-politica"],"_links":{"self":[{"href":"https:\/\/fundacionluvo.org\/index.php?rest_route=\/wp\/v2\/posts\/1400","targetHints":{"allow":["GET"]}}],"collection":[{"href":"https:\/\/fundacionluvo.org\/index.php?rest_route=\/wp\/v2\/posts"}],"about":[{"href":"https:\/\/fundacionluvo.org\/index.php?rest_route=\/wp\/v2\/types\/post"}],"author":[{"embeddable":true,"href":"https:\/\/fundacionluvo.org\/index.php?rest_route=\/wp\/v2\/users\/2"}],"replies":[{"embeddable":true,"href":"https:\/\/fundacionluvo.org\/index.php?rest_route=%2Fwp%2Fv2%2Fcomments&post=1400"}],"version-history":[{"count":0,"href":"https:\/\/fundacionluvo.org\/index.php?rest_route=\/wp\/v2\/posts\/1400\/revisions"}],"wp:featuredmedia":[{"embeddable":true,"href":"https:\/\/fundacionluvo.org\/index.php?rest_route=\/wp\/v2\/media\/1404"}],"wp:attachment":[{"href":"https:\/\/fundacionluvo.org\/index.php?rest_route=%2Fwp%2Fv2%2Fmedia&parent=1400"}],"wp:term":[{"taxonomy":"category","embeddable":true,"href":"https:\/\/fundacionluvo.org\/index.php?rest_route=%2Fwp%2Fv2%2Fcategories&post=1400"},{"taxonomy":"post_tag","embeddable":true,"href":"https:\/\/fundacionluvo.org\/index.php?rest_route=%2Fwp%2Fv2%2Ftags&post=1400"}],"curies":[{"name":"wp","href":"https:\/\/api.w.org\/{rel}","templated":true}]}}