{"id":1676,"date":"2024-02-27T08:30:00","date_gmt":"2024-02-27T08:30:00","guid":{"rendered":"https:\/\/fundacionluvo.org\/?p=1676"},"modified":"2024-02-27T14:00:58","modified_gmt":"2024-02-27T14:00:58","slug":"no-me-juzguen","status":"publish","type":"post","link":"https:\/\/fundacionluvo.org\/?p=1676","title":{"rendered":"No me juzguen"},"content":{"rendered":"\n<p class=\"has-text-align-left\"><strong>Yira Miranda Montero<\/strong><br>Twitter:\u00a0<a href=\"https:\/\/twitter.com\/YiraMirandaM\">@YiraMirandaM<\/a><br><a href=\"mailto:yira.miranda@fundacionluvo.org\">yira.miranda@fundacionluvo.org<\/a><\/p>\n\n\n\n<p>Llega un momento en la vida en el que toda la investigaci\u00f3n cient\u00edfica que has hecho sobre las relaciones humanas de cualquier tipo se te estalla en la cara como torta de espuma pesada y olorosa.&nbsp;<\/p>\n\n\n\n<p>Hay otro momento en la vida en el que cumples 30\u2019s y parece que todo debe volver a empezar porque has permitido tanto que hasta tu propia \u00e9tica has visto tambalear; todo el mundo tiene derecho a vivir las crisis de la mediana edad y a equivocarse as\u00ed sea a costa de los dem\u00e1s y a deconstruirse hasta lo profundo as\u00ed no tuvieses nada con qu\u00e9 reparar.<\/p>\n\n\n\n<p>No sabes nada porque gracias a la infinita capacidad humana para acostumbrarte o asombrarte, repetimos una y otra vez los mismos patrones comportamentales de los que siempre nos hemos quejado. Nos quejamos de la falta de ternura y ah\u00ed andamos tan toscos como nos es posible; nos quejamos de la mentira y ah\u00ed estamos creando cuanta elucubraci\u00f3n alucinante para quedar bien porque todo el tiempo se nos hace m\u00e1s f\u00e1cil mentir que reconocer incluso los m\u00e1s peque\u00f1os e insignificantes errores.&nbsp;<\/p>\n\n\n\n<p>Nos quejamos de los celos y ah\u00ed estamos una y otra vez cayendo en pensamientos intrusivos, viciosos, perversos sobre lo que esperamos de otras personas. Sin embargo aqu\u00ed est\u00e1 el dilema y la contradicci\u00f3n misma. Todo se basa en la mentira. Es tremendamente dif\u00edcil volver a confiar cuando sabes que te han ocultado informaci\u00f3n, o la han cambiado; ponle la justificaci\u00f3n que sea: por tu bien, por el m\u00edo, por la paz mundial. Sin embargo, cuando te enteras, el impacto psic\u00f3logo del enga\u00f1o queda ah\u00ed como tic nervioso que nunca desaparece y la realidad es que nadie te ayuda a salir de ese remolino porque luego lo \u00fanico que se te exige es actuar como si nada de eso hubiese pasado porque la amargada, la que no perdona r\u00e1pido, la que no supera luego vas a ser tu.&nbsp;<\/p>\n\n\n\n<p>Volviendo a los celos, pasa algo parecido o peor cuando ya les conoc\u00edas y sab\u00edas qu\u00e9 hacer con ellos, c\u00f3mo manejarlos y aprender de todo lo que te dec\u00edan de ti misma y los dem\u00e1s, sin embargo, hay m\u00e1s momentos de la vida en el que se convierten en el mounstro debajo de tu cama, quisquilloso habl\u00e1ndote al o\u00eddo y dej\u00e1ndote paralizada por el dolor que te hacen sentir. Y no crean que solo estoy hablando de los celos dentro de las relaciones amorosas rom\u00e1nticas, no, tambi\u00e9n estoy hablando de esos celos que se sienten entre amigas, colegas, familiares, diplom\u00e1ticos y p\u00f3nganle nombre al personaje que quieran.&nbsp;<\/p>\n\n\n\n<p>Respecto a la mentira, y ya se dar\u00e1n cuenta por qu\u00e9 vuelvo siempre al mismo tema, solo puedo decir que pido disculpas&nbsp;por el incidente de creer lo que aqu\u00ed escribo, -pero aprovecho para reflexionar sobre las famosas verdades que se dicen en las mentiras literarias (lo esencial solo se puede contar por medio de met\u00e1foras, leyendas, mitos y ficciones) y tambi\u00e9n sobre las muchas mentiras que componen aquello que llamamos verdad. Los humanos somos una pura narraci\u00f3n. Somos palabras en busca de sentido [\u2026] Hay que construir una nueva narrativa personal. Somos todos novelistas, escritores de un \u00fanico libro, el de nuestra existencia- (Montero, 2022), y las mentiras tambi\u00e9n se hallan en los libros de historia universal que encontrar\u00e1s.<\/p>\n\n\n\n<p>Les ped\u00ed que no me juzgaran porque cre\u00ed en todas y cada una de las palabras del fascinante libro de Rosa Montero: El peligro de estar cuerda. Y tal parece que muchos estamos de psic\u00f3loga o psiqui\u00e1trico sin reconocerlo. Parece que encontr\u00e9 las respuestas que buscaba o ninguna. O quiz\u00e1s me qued\u00e9 a medias en esa b\u00fasqueda infructuosa por la verdad de la que todo el mundo duda y resulta que lo que s\u00ed encontr\u00e9 fue la seguridad de contenerme y cuidarme de mi propia mente a trav\u00e9s de la lectura y la escritura. Como dice Rosa, las partes que no son verdad, son las m\u00e1s verdaderas. \u201cS\u00e9 que a veces hace falta mentir para que salga a luz la verdad\u201d dec\u00eda Tove Ditlevsen.&nbsp;<\/p>\n\n\n<div class=\"wp-block-image\">\n<figure class=\"alignleft is-resized\"><img loading=\"lazy\" decoding=\"async\" width=\"1920\" height=\"2560\" src=\"https:\/\/fundacionluvo.org\/wp-content\/uploads\/2024\/02\/IMG_20240226_102705-scaled.jpg\" alt=\"\" class=\"wp-image-1677\" style=\"width:456px;height:auto\" srcset=\"https:\/\/fundacionluvo.org\/wp-content\/uploads\/2024\/02\/IMG_20240226_102705-scaled.jpg 1920w, https:\/\/fundacionluvo.org\/wp-content\/uploads\/2024\/02\/IMG_20240226_102705-225x300.jpg 225w, https:\/\/fundacionluvo.org\/wp-content\/uploads\/2024\/02\/IMG_20240226_102705-768x1024.jpg 768w, https:\/\/fundacionluvo.org\/wp-content\/uploads\/2024\/02\/IMG_20240226_102705-1152x1536.jpg 1152w, https:\/\/fundacionluvo.org\/wp-content\/uploads\/2024\/02\/IMG_20240226_102705-1536x2048.jpg 1536w, https:\/\/fundacionluvo.org\/wp-content\/uploads\/2024\/02\/IMG_20240226_102705-800x1067.jpg 800w, https:\/\/fundacionluvo.org\/wp-content\/uploads\/2024\/02\/IMG_20240226_102705-1000x1333.jpg 1000w\" sizes=\"auto, (max-width: 1920px) 100vw, 1920px\" \/><figcaption class=\"wp-element-caption\">Fotograf\u00eda <a href=\"https:\/\/www.instagram.com\/yiramirandamont\/\">@yiramirandamont<\/a><\/figcaption><\/figure>\n<\/div>\n\n\n<p>Y lo que acaban de leer es una peque\u00f1a declaraci\u00f3n de locura, un claro grito desesperado por ya no saber en qu\u00e9 creer, en qui\u00e9n confiar o c\u00f3mo hacerlo. Qu\u00e9 es verdad y qu\u00e9 no, cu\u00e1l es la realidad de las cosas y cu\u00e1l no. Hemos vivido enga\u00f1ados todo el tiempo y hasta mis 32\u2019s he experimentado un satori pero de la desgracia decidida de la humanidad. Por qu\u00e9 infringirse tanto dolor a conciencia y despiertos, si ya el mundo pesa y duele tanto. Quiero pensar que los locos son los violentos y que los buenos son m\u00e1s y que haremos todo lo posible por cambiar, por hacer algo, por aportar algo.&nbsp;<\/p>\n\n\n\n<p>Dej\u00e9 de escribir porque viv\u00ed esa violencia que se da por redes sociales. Sin embargo, hoy retomo porque hay violencias de las que nadie quiere hablar pero no dejen de compartir sus deseos de paz por Palestina, por Ucrania, por el Congo, y por cualquier otro pa\u00eds, pueblo, casa o persona que est\u00e9 viviendo esa violencia y necesite volver a confiar en que la humanidad dejar\u00e1 de repetir sus patrones comportamentales que solo producen dolor, guerra y desolaci\u00f3n.&nbsp;<\/p>\n\n\n\n<p>Todos somos novelistas, entonces tenemos la capacidad de escribir historias diferentes, historias noviolentas. Historias que tambi\u00e9n validen lo capaces que somos los humanos para cambiar, para crear paz, tranquilidad, compartir el amor y la comunidad.&nbsp;<\/p>\n","protected":false},"excerpt":{"rendered":"<p>Yira Miranda MonteroTwitter:\u00a0@YiraMirandaMyira.miranda@fundacionluvo.org Llega un momento en la vida en el que toda&#8230;<\/p>\n","protected":false},"author":2,"featured_media":1677,"comment_status":"open","ping_status":"open","sticky":false,"template":"","format":"standard","meta":{"footnotes":""},"categories":[218,8,10],"tags":[],"class_list":["post-1676","post","type-post","status-publish","format-standard","has-post-thumbnail","hentry","category-amor","category-emociones","category-feminismos"],"_links":{"self":[{"href":"https:\/\/fundacionluvo.org\/index.php?rest_route=\/wp\/v2\/posts\/1676","targetHints":{"allow":["GET"]}}],"collection":[{"href":"https:\/\/fundacionluvo.org\/index.php?rest_route=\/wp\/v2\/posts"}],"about":[{"href":"https:\/\/fundacionluvo.org\/index.php?rest_route=\/wp\/v2\/types\/post"}],"author":[{"embeddable":true,"href":"https:\/\/fundacionluvo.org\/index.php?rest_route=\/wp\/v2\/users\/2"}],"replies":[{"embeddable":true,"href":"https:\/\/fundacionluvo.org\/index.php?rest_route=%2Fwp%2Fv2%2Fcomments&post=1676"}],"version-history":[{"count":2,"href":"https:\/\/fundacionluvo.org\/index.php?rest_route=\/wp\/v2\/posts\/1676\/revisions"}],"predecessor-version":[{"id":1682,"href":"https:\/\/fundacionluvo.org\/index.php?rest_route=\/wp\/v2\/posts\/1676\/revisions\/1682"}],"wp:featuredmedia":[{"embeddable":true,"href":"https:\/\/fundacionluvo.org\/index.php?rest_route=\/wp\/v2\/media\/1677"}],"wp:attachment":[{"href":"https:\/\/fundacionluvo.org\/index.php?rest_route=%2Fwp%2Fv2%2Fmedia&parent=1676"}],"wp:term":[{"taxonomy":"category","embeddable":true,"href":"https:\/\/fundacionluvo.org\/index.php?rest_route=%2Fwp%2Fv2%2Fcategories&post=1676"},{"taxonomy":"post_tag","embeddable":true,"href":"https:\/\/fundacionluvo.org\/index.php?rest_route=%2Fwp%2Fv2%2Ftags&post=1676"}],"curies":[{"name":"wp","href":"https:\/\/api.w.org\/{rel}","templated":true}]}}